{"id":15024,"date":"2024-04-02T09:51:38","date_gmt":"2024-04-02T07:51:38","guid":{"rendered":"https:\/\/www.airtradecentre.com\/?p=15024"},"modified":"2024-04-02T10:16:02","modified_gmt":"2024-04-02T08:16:02","slug":"atc-genel-muduru-daghan-inal-iklimlendirme-sektorunu-degerlendirdi","status":"publish","type":"post","link":"https:\/\/www.airtradecentre.com\/tr\/atc-genel-muduru-daghan-inal-iklimlendirme-sektorunu-degerlendirdi\/","title":{"rendered":"ATC Genel M\u00fcd\u00fcr\u00fc Da\u011fhan \u0130nal \u0130klimlendirme Sekt\u00f6r\u00fcn\u00fc De\u011ferlendirdi"},"content":{"rendered":"<p>1980\u2019lerin ba\u015f\u0131nda Hollanda\u2019da temelleri atan ATC Air Trade Centre, bug\u00fcn T\u00fcrkiye ve d\u00fcnyada \u0131s\u0131tma, havaland\u0131rma ve iklimlendirme alan\u0131nda \u00f6ne \u00e7\u0131kan bir marka haline geldi. 2023 y\u0131l\u0131nda, Maico Group\u2019un \u00e7o\u011funluk hissesini devralmas\u0131yla daha da b\u00fcy\u00fcyerek sekt\u00f6r\u00fcn \u00f6nemli bir oyuncusu olan ATC Air Trade Centre, temiz hava \u00fcretimi odakl\u0131 yakla\u015f\u0131m\u0131yla \u00f6ne \u00e7\u0131karak, m\u00fc\u015fterilerine kapsaml\u0131 bir hizmet yelpazesi sunmakta.\u00a0<a href=\"https:\/\/www.linkedin.com\/company\/air-trade-centre\/\" target=\"_blank\" rel=\"nofollow noopener\">ATC Air Trade Centre<\/a>\u00a0Genel M\u00fcd\u00fcr\u00fc\u00a0<a href=\"https:\/\/www.linkedin.com\/in\/daghan-inal-8a634a3\/\" target=\"_blank\" rel=\"nofollow noopener\">Da\u011fhan \u0130nal<\/a>\u00a0\u00e7al\u0131\u015fmalar\u0131 hakk\u0131nda detayl\u0131 bilgiler vererek iklimlendirme sekt\u00f6r\u00fcn\u00fc de\u011ferlendirdi.<\/p>\n<p>Haberin devam\u0131na <a href=\"https:\/\/airnewsturkey.com\/2024\/04\/atc-air-trade-centre-genel-muduru-daghan-inal\/\" rel=\"nofollow \">buradan<\/a> ula\u015fabilirsiniz.<\/p>\n","protected":false},"excerpt":{"rendered":"<p>1980\u2019lerin ba\u015f\u0131nda Hollanda\u2019da temelleri atan ATC Air Trade Centre, bug\u00fcn T\u00fcrkiye ve d\u00fcnyada \u0131s\u0131tma, havaland\u0131rma ve iklimlendirme alan\u0131nda \u00f6ne \u00e7\u0131kan bir marka haline geldi. 2023 y\u0131l\u0131nda, Maico Group\u2019un \u00e7o\u011funluk hissesini devralmas\u0131yla daha da b\u00fcy\u00fcyerek sekt\u00f6r\u00fcn \u00f6nemli bir oyuncusu olan ATC Air Trade Centre, temiz hava \u00fcretimi odakl\u0131 yakla\u015f\u0131m\u0131yla \u00f6ne \u00e7\u0131karak, m\u00fc\u015fterilerine kapsaml\u0131 bir hizmet yelpazesi [&hellip;]<\/p>\n","protected":false},"author":10,"featured_media":15025,"comment_status":"closed","ping_status":"closed","sticky":false,"template":"","format":"standard","meta":{"footnotes":""},"categories":[8],"tags":[],"class_list":["post-15024","post","type-post","status-publish","format-standard","has-post-thumbnail","hentry","category-etkinlikler"],"aioseo_notices":[],"_links":{"self":[{"href":"https:\/\/www.airtradecentre.com\/tr\/wp-json\/wp\/v2\/posts\/15024","targetHints":{"allow":["GET"]}}],"collection":[{"href":"https:\/\/www.airtradecentre.com\/tr\/wp-json\/wp\/v2\/posts"}],"about":[{"href":"https:\/\/www.airtradecentre.com\/tr\/wp-json\/wp\/v2\/types\/post"}],"author":[{"embeddable":true,"href":"https:\/\/www.airtradecentre.com\/tr\/wp-json\/wp\/v2\/users\/10"}],"replies":[{"embeddable":true,"href":"https:\/\/www.airtradecentre.com\/tr\/wp-json\/wp\/v2\/comments?post=15024"}],"version-history":[{"count":6,"href":"https:\/\/www.airtradecentre.com\/tr\/wp-json\/wp\/v2\/posts\/15024\/revisions"}],"predecessor-version":[{"id":15241,"href":"https:\/\/www.airtradecentre.com\/tr\/wp-json\/wp\/v2\/posts\/15024\/revisions\/15241"}],"wp:featuredmedia":[{"embeddable":true,"href":"https:\/\/www.airtradecentre.com\/tr\/wp-json\/wp\/v2\/media\/15025"}],"wp:attachment":[{"href":"https:\/\/www.airtradecentre.com\/tr\/wp-json\/wp\/v2\/media?parent=15024"}],"wp:term":[{"taxonomy":"category","embeddable":true,"href":"https:\/\/www.airtradecentre.com\/tr\/wp-json\/wp\/v2\/categories?post=15024"},{"taxonomy":"post_tag","embeddable":true,"href":"https:\/\/www.airtradecentre.com\/tr\/wp-json\/wp\/v2\/tags?post=15024"}],"curies":[{"name":"wp","href":"https:\/\/api.w.org\/{rel}","templated":true}]}}