{"id":16455,"date":"2026-08-20T15:52:58","date_gmt":"2026-08-20T13:52:58","guid":{"rendered":"https:\/\/www.airtradecentre.com\/?p=16455"},"modified":"2026-08-20T16:14:54","modified_gmt":"2026-08-20T14:14:54","slug":"asu-ile-egitim-yapilarinda-sessiz-verimli-ve-esnek-havalandirma","status":"publish","type":"post","link":"https:\/\/www.airtradecentre.com\/tr\/asu-ile-egitim-yapilarinda-sessiz-verimli-ve-esnek-havalandirma\/","title":{"rendered":"ASU ile E\u011fitim Yap\u0131lar\u0131nda Sessiz, Verimli ve Esnek Havaland\u0131rma"},"content":{"rendered":"<p>E\u011fitim yap\u0131lar\u0131nda havaland\u0131rma \u00e7\u00f6z\u00fcmlerinden beklenen performans, yaln\u0131zca yeterli taze havan\u0131n sa\u011flanmas\u0131yla s\u0131n\u0131rl\u0131 de\u011fildir. D\u00fc\u015f\u00fck ses seviyesi, enerji verimlili\u011fi, uygulama esnekli\u011fi ve kullan\u0131c\u0131 konforu da i\u00e7 hava kalitesi kadar belirleyici unsurlar aras\u0131nda yer almaktad\u0131r.<\/p>\n<p><strong>MCE 2026 Milano Fuar\u0131<\/strong>\u2019nda sekt\u00f6r profesyonelleriyle bulu\u015fan <strong>ASU School Unit<\/strong>, <strong>Air Trade Centre<\/strong>\u2019\u0131n okul ve e\u011fitim alanlar\u0131na y\u00f6nelik geli\u015ftirdi\u011fi havaland\u0131rma \u00e7\u00f6z\u00fcmlerinden biridir. D\u00fc\u015f\u00fck ses seviyesi, i\u00e7 hava kalitesi ve enerji verimlili\u011fi oda\u011f\u0131yla tasarlanan ASU; farkl\u0131 e\u011fitim yap\u0131lar\u0131nda konforlu ve verimli i\u00e7 ortam ko\u015fullar\u0131n\u0131 desteklemeyi hedeflemektedir.<\/p>\n<p>Haberin devam\u0131n\u0131 <a href=\"https:\/\/nvst.tr\/tdN7fY\" rel=\"nofollow\">buradan<\/a> okuyabilirsiniz.<\/p>\n","protected":false},"excerpt":{"rendered":"<p>E\u011fitim yap\u0131lar\u0131nda havaland\u0131rma \u00e7\u00f6z\u00fcmlerinden beklenen performans, yaln\u0131zca yeterli taze havan\u0131n sa\u011flanmas\u0131yla s\u0131n\u0131rl\u0131 de\u011fildir. D\u00fc\u015f\u00fck ses seviyesi, enerji verimlili\u011fi, uygulama esnekli\u011fi ve kullan\u0131c\u0131 konforu da i\u00e7 hava kalitesi kadar belirleyici unsurlar aras\u0131nda yer almaktad\u0131r. MCE 2026 Milano Fuar\u0131\u2019nda sekt\u00f6r profesyonelleriyle bulu\u015fan ASU School Unit, Air Trade Centre\u2019\u0131n okul ve e\u011fitim alanlar\u0131na y\u00f6nelik geli\u015ftirdi\u011fi havaland\u0131rma \u00e7\u00f6z\u00fcmlerinden biridir. [&hellip;]<\/p>\n","protected":false},"author":10,"featured_media":16456,"comment_status":"closed","ping_status":"closed","sticky":false,"template":"","format":"standard","meta":{"footnotes":""},"categories":[8],"tags":[],"class_list":["post-16455","post","type-post","status-publish","format-standard","has-post-thumbnail","hentry","category-etkinlikler"],"aioseo_notices":[],"_links":{"self":[{"href":"https:\/\/www.airtradecentre.com\/tr\/wp-json\/wp\/v2\/posts\/16455","targetHints":{"allow":["GET"]}}],"collection":[{"href":"https:\/\/www.airtradecentre.com\/tr\/wp-json\/wp\/v2\/posts"}],"about":[{"href":"https:\/\/www.airtradecentre.com\/tr\/wp-json\/wp\/v2\/types\/post"}],"author":[{"embeddable":true,"href":"https:\/\/www.airtradecentre.com\/tr\/wp-json\/wp\/v2\/users\/10"}],"replies":[{"embeddable":true,"href":"https:\/\/www.airtradecentre.com\/tr\/wp-json\/wp\/v2\/comments?post=16455"}],"version-history":[{"count":6,"href":"https:\/\/www.airtradecentre.com\/tr\/wp-json\/wp\/v2\/posts\/16455\/revisions"}],"predecessor-version":[{"id":16468,"href":"https:\/\/www.airtradecentre.com\/tr\/wp-json\/wp\/v2\/posts\/16455\/revisions\/16468"}],"wp:featuredmedia":[{"embeddable":true,"href":"https:\/\/www.airtradecentre.com\/tr\/wp-json\/wp\/v2\/media\/16456"}],"wp:attachment":[{"href":"https:\/\/www.airtradecentre.com\/tr\/wp-json\/wp\/v2\/media?parent=16455"}],"wp:term":[{"taxonomy":"category","embeddable":true,"href":"https:\/\/www.airtradecentre.com\/tr\/wp-json\/wp\/v2\/categories?post=16455"},{"taxonomy":"post_tag","embeddable":true,"href":"https:\/\/www.airtradecentre.com\/tr\/wp-json\/wp\/v2\/tags?post=16455"}],"curies":[{"name":"wp","href":"https:\/\/api.w.org\/{rel}","templated":true}]}}