{"id":6909,"date":"2019-10-09T16:18:02","date_gmt":"2019-10-09T16:18:02","guid":{"rendered":"https:\/\/airtradecentre.com.tr\/?p=6909"},"modified":"2019-10-09T16:20:00","modified_gmt":"2019-10-09T16:20:00","slug":"aqua-therm-baku","status":"publish","type":"post","link":"https:\/\/www.airtradecentre.com\/tr\/aqua-therm-baku\/","title":{"rendered":"Aqua Therm Bak\u00fc"},"content":{"rendered":"<p><strong>Atc\u00a0Air\u00a0Trade\u00a0Centre<\/strong>\u00a0<strong>22-25 Ekim<\/strong> tarihleri aras\u0131nda <strong>\u0130stanbul\u00a0Baku\u00a0Expo Center<\/strong>\u2019de d\u00fczenlenecek olan\u00a0<strong>Aqua\u00a0Therm\u00a0Bak\u00fc<\/strong> fuar\u0131nda kat\u0131l\u0131mc\u0131 olarak yer alacakt\u0131r. Etkileyici d\u00fcnyam\u0131za ke\u015ffetmeye t\u00fcm ilgilileri davet ediyoruz.<\/p>\n<p>Firmam\u0131z\u00a0<strong>Salon 2 \u2013 A2308\u00a0nolu\u00a0<\/strong>standa yer alacakt\u0131r.<\/p>\n<p>Daha detayl\u0131 bilgi i\u00e7in bize ula\u015fabilirsiniz.<\/p>\n","protected":false},"excerpt":{"rendered":"<p>Atc\u00a0Air\u00a0Trade\u00a0Centre\u00a022-25 Ekim tarihleri aras\u0131nda \u0130stanbul\u00a0Baku\u00a0Expo Center\u2019de d\u00fczenlenecek olan\u00a0Aqua\u00a0Therm\u00a0Bak\u00fc fuar\u0131nda kat\u0131l\u0131mc\u0131 olarak yer alacakt\u0131r. Etkileyici d\u00fcnyam\u0131za ke\u015ffetmeye t\u00fcm ilgilileri davet ediyoruz. Firmam\u0131z\u00a0Salon 2 \u2013 A2308\u00a0nolu\u00a0standa yer alacakt\u0131r. Daha detayl\u0131 bilgi i\u00e7in bize ula\u015fabilirsiniz.<\/p>\n","protected":false},"author":1,"featured_media":6910,"comment_status":"closed","ping_status":"closed","sticky":false,"template":"","format":"standard","meta":{"footnotes":""},"categories":[8],"tags":[],"class_list":["post-6909","post","type-post","status-publish","format-standard","has-post-thumbnail","hentry","category-etkinlikler"],"aioseo_notices":[],"_links":{"self":[{"href":"https:\/\/www.airtradecentre.com\/tr\/wp-json\/wp\/v2\/posts\/6909","targetHints":{"allow":["GET"]}}],"collection":[{"href":"https:\/\/www.airtradecentre.com\/tr\/wp-json\/wp\/v2\/posts"}],"about":[{"href":"https:\/\/www.airtradecentre.com\/tr\/wp-json\/wp\/v2\/types\/post"}],"author":[{"embeddable":true,"href":"https:\/\/www.airtradecentre.com\/tr\/wp-json\/wp\/v2\/users\/1"}],"replies":[{"embeddable":true,"href":"https:\/\/www.airtradecentre.com\/tr\/wp-json\/wp\/v2\/comments?post=6909"}],"version-history":[{"count":1,"href":"https:\/\/www.airtradecentre.com\/tr\/wp-json\/wp\/v2\/posts\/6909\/revisions"}],"predecessor-version":[{"id":6912,"href":"https:\/\/www.airtradecentre.com\/tr\/wp-json\/wp\/v2\/posts\/6909\/revisions\/6912"}],"wp:featuredmedia":[{"embeddable":true,"href":"https:\/\/www.airtradecentre.com\/tr\/wp-json\/wp\/v2\/media\/6910"}],"wp:attachment":[{"href":"https:\/\/www.airtradecentre.com\/tr\/wp-json\/wp\/v2\/media?parent=6909"}],"wp:term":[{"taxonomy":"category","embeddable":true,"href":"https:\/\/www.airtradecentre.com\/tr\/wp-json\/wp\/v2\/categories?post=6909"},{"taxonomy":"post_tag","embeddable":true,"href":"https:\/\/www.airtradecentre.com\/tr\/wp-json\/wp\/v2\/tags?post=6909"}],"curies":[{"name":"wp","href":"https:\/\/api.w.org\/{rel}","templated":true}]}}