{"id":7382,"date":"2020-02-10T07:58:03","date_gmt":"2020-02-10T07:58:03","guid":{"rendered":"https:\/\/airtradecentre.com.tr\/?p=7382"},"modified":"2020-02-28T09:52:05","modified_gmt":"2020-02-28T09:52:05","slug":"17-20-mart-milano-mostra-convegnodayiz","status":"publish","type":"post","link":"https:\/\/www.airtradecentre.com\/tr\/17-20-mart-milano-mostra-convegnodayiz\/","title":{"rendered":"08-11 Eyl\u00fcl Milano Mostra Convegno&#8217;day\u0131z."},"content":{"rendered":"<p><strong>G\u00fcncelleme : 17-20 Mart 2020 tarihlerinde Milano\u2019da ger\u00e7ekle\u015fecek olan MCE-Mostra\u00a0<span class=\"ee2a057f4a214499b15e44c747c73191SpellE\">Convegno<\/span>\u00a0<span class=\"ee2a057f4a214499b15e44c747c73191SpellE\">Expocomfort<\/span>\u00a0Fuar\u0131n\u0131n ya\u015fanan\u00a0<span class=\"ee2a057f4a214499b15e44c747c73191SpellE\">Corona<\/span>\u00a0Vir\u00fcs\u00fc salg\u0131n\u0131 sebebiyle \u0130talyan Yetkililer taraf\u0131ndan\u00a008-11 Eyl\u00fcl 2020\u00a0tarihine ertelenmesine karar verilmi\u015ftir.<\/strong><\/p>\n<p>Dayan\u0131kl\u0131 havaland\u0131rma \u00e7\u00f6z\u00fcmleri, y\u00fcksek enerji verimlili\u011fi ve kaliteli klima santralleri ile piyasaya \u00f6nc\u00fcl\u00fck eden ATC Air Trade Centre, son teknolojilerini bu y\u0131l \u0130talya\u2019da Mart ay\u0131nda ger\u00e7ekle\u015fecek olan fuarda sergileyecek. Ziyaret\u00e7iler ATC d\u00fcnyas\u0131n\u0131, 08-11 Eyl\u00fcl deki Mostra Convegno Expocomfort Milano\u2019da Salon 15, Stand S37 ke\u015ffedebilecekler. Bu y\u0131l 42.si d\u00fczenlenecek olan MOSTRA CONVEGNO EXPOCOMFORT(MCE)\u2019da, yer alacak olan ATC Air Trade Center\u2019in stand\u0131na sizleri de bekliyoruz.<\/p>\n<p>Bu etkinlik s\u0131ras\u0131nda, sa\u011fl\u0131k ve rahatl\u0131k ile ilgili t\u00fcm fakt\u00f6rleri kontrol alt\u0131nda tutarak en iyi konfor ko\u015fullar\u0131n\u0131n olu\u015fturulmas\u0131 ad\u0131na tasarlanm\u0131\u015f ve geli\u015ftirilmi\u015f t\u00fcm \u00fcr\u00fcn yelpazemiz sunulacakt\u0131r. Enerji verimlili\u011fine sahip bu entegre ve geli\u015fmi\u015f sistemlerin, g\u00fcvenli ve s\u00fcrd\u00fcr\u00fclebilir ortamlar\u0131 yenilenebilir bile\u015fenlerle sa\u011flamay\u0131 garanti etmesi verimli ve memnun ediciyken, ayn\u0131 zamanda tesislerin tasar\u0131m, kurulum ve y\u00f6netiminin en son ihtiya\u00e7lar\u0131n\u0131 da kar\u015f\u0131lamak i\u00e7in \u00e7ok \u00e7e\u015fitli \u00e7\u00f6z\u00fcmler de sunulmaktad\u0131r.<\/p>\n<p>G\u00fcn\u00fcm\u00fczde insanlar\u0131n vakitlerini \u00e7o\u011funlukla kapal\u0131 ve s\u0131n\u0131rl\u0131 alanlara s\u0131k\u0131\u015fm\u0131\u015f olarak ge\u00e7irdiklerini g\u00f6z \u00f6n\u00fcne ald\u0131\u011f\u0131m\u0131zda, i\u00e7 mekan iklimlendirmesinin sa\u011fl\u0131k, s\u00fcrd\u00fcr\u00fclebilirlik, konforlu ve kaliteli ya\u015fam d\u00f6ng\u00fcs\u00fc ve \u00fcretim s\u00fcre\u00e7lerinde ne kadar \u00f6nemli oldu\u011funu g\u00f6r\u00fcr\u00fcz. Bu sekt\u00f6rdeki en gen\u00e7 \u00fcreticilerden biri olmas\u0131na ra\u011fmen, ATC Air Trade Centre, kapal\u0131 ortamlar\u0131n insan sa\u011fl\u0131\u011f\u0131 ve \u00e7evre sorunlar\u0131 \u00fczerinde \u00f6nemli bir etkiye sahip oldu\u011funun bilincindedir. Bu nedenle g\u00fcvenilir ve kaliteli \u00fcr\u00fcnler tasarlamak temel prensibimizdir. \u00dcr\u00fcnlerimizin geli\u015ftirilmesinde ana yol g\u00f6sterici kavram, &#8216;\u0130\u00c7 \u0130KL\u0130M SA\u011eLI\u011eI&#8217;d\u0131r. Yakla\u015fan MCE etkinli\u011fi s\u0131ras\u0131nda ATC Air Trade Centre\u2019in sergileyece\u011fi \u00fcr\u00fcn ve \u00e7\u00f6z\u00fcmler:<\/p>\n<p>&#8211; ATC Is\u0131 Geri Kazan\u0131m \u00dcnitesi Mergen &#8211; Ofis ve End\u00fcstriyel Alanlarda TAK &amp; \u00c7ALI\u015eTIR IGK Cihaz\u0131<\/p>\n<p>&#8211; ATC Klima Santrali &#8211; Ekonomik, Verimli ve G\u00fcvenilir<\/p>\n<p>&#8211; ATC Nem Alma Santrali \u2013 TAK &amp; \u00c7ALI\u015eTIR<\/p>\n<p>&#8211; ATC Otopark Havaland\u0131rma Sistemi\u2013 tasar\u0131m a\u015famas\u0131ndan devreye almaya kadar anahtar teslim<\/p>\n<p>\u00dcnitelerin ve \u00e7\u00f6z\u00fcmlerin ana \u00f6zellikleri: y\u00fcksek s\u0131zd\u0131rmazl\u0131k, \u0131s\u0131 geri kazan\u0131m\u0131, y\u00fcksek verimli motorlar, ak\u0131ll\u0131 kontrol teknolojileri ve daha bir\u00e7ok detay\u2026<\/p>\n<p>M\u00fc\u015fterilerimizi, 08-11 Eyl\u00fcl tarihleri aras\u0131nda Mostra Convegno Expocomfort\u2019ta Milano\u2019da yer alan stand\u0131m\u0131za ATC Air Trade Centre d\u00fcnyas\u0131n\u0131 ke\u015ffetmeye davet ediyoruz.<\/p>\n<p>S\u00dcRD\u00dcR\u00dcLEB\u0130L\u0130R B\u0130R HAYAT \u0130\u00c7\u0130N TEM\u0130Z HAVA \u00dcRET\u0130YORUZ!<\/p>\n<p><img loading=\"lazy\" decoding=\"async\" class=\"size-full wp-image-7387\" src=\"https:\/\/airtradecentre.com\/wp-content\/uploads\/2020\/02\/MostraConvegno-Milano-2.jpg\" alt=\"Mostra Convegno Milano\" width=\"500\" height=\"296\" srcset=\"https:\/\/www.airtradecentre.com\/wp-content\/uploads\/2020\/02\/MostraConvegno-Milano-2.jpg 500w, https:\/\/www.airtradecentre.com\/wp-content\/uploads\/2020\/02\/MostraConvegno-Milano-2-80x47.jpg 80w\" sizes=\"auto, (max-width: 500px) 100vw, 500px\" \/><\/p>\n<p>Mostra Convegno Milano<strong>Detaylar i\u00e7in ileti\u015fim bilgileri:<\/strong><br \/>\nATC Air Trade Centre<br \/>\nTel : + 90 (0) 212 283 45 10<br \/>\natc.turkey@airtradecentre.com<br \/>\nwww.airtradecentre.com.tr<\/p>\n","protected":false},"excerpt":{"rendered":"<p>G\u00fcncelleme : 17-20 Mart 2020 tarihlerinde Milano\u2019da ger\u00e7ekle\u015fecek olan MCE-Mostra\u00a0Convegno\u00a0Expocomfort\u00a0Fuar\u0131n\u0131n ya\u015fanan\u00a0Corona\u00a0Vir\u00fcs\u00fc salg\u0131n\u0131 sebebiyle \u0130talyan Yetkililer taraf\u0131ndan\u00a008-11 Eyl\u00fcl 2020\u00a0tarihine ertelenmesine karar verilmi\u015ftir. Dayan\u0131kl\u0131 havaland\u0131rma \u00e7\u00f6z\u00fcmleri, y\u00fcksek enerji verimlili\u011fi ve kaliteli klima santralleri ile piyasaya \u00f6nc\u00fcl\u00fck eden ATC Air Trade Centre, son teknolojilerini bu y\u0131l \u0130talya\u2019da Mart ay\u0131nda ger\u00e7ekle\u015fecek olan fuarda sergileyecek. Ziyaret\u00e7iler ATC d\u00fcnyas\u0131n\u0131, 08-11 Eyl\u00fcl [&hellip;]<\/p>\n","protected":false},"author":1,"featured_media":7386,"comment_status":"closed","ping_status":"closed","sticky":false,"template":"","format":"standard","meta":{"footnotes":""},"categories":[8],"tags":[],"class_list":["post-7382","post","type-post","status-publish","format-standard","has-post-thumbnail","hentry","category-etkinlikler"],"aioseo_notices":[],"_links":{"self":[{"href":"https:\/\/www.airtradecentre.com\/tr\/wp-json\/wp\/v2\/posts\/7382","targetHints":{"allow":["GET"]}}],"collection":[{"href":"https:\/\/www.airtradecentre.com\/tr\/wp-json\/wp\/v2\/posts"}],"about":[{"href":"https:\/\/www.airtradecentre.com\/tr\/wp-json\/wp\/v2\/types\/post"}],"author":[{"embeddable":true,"href":"https:\/\/www.airtradecentre.com\/tr\/wp-json\/wp\/v2\/users\/1"}],"replies":[{"embeddable":true,"href":"https:\/\/www.airtradecentre.com\/tr\/wp-json\/wp\/v2\/comments?post=7382"}],"version-history":[{"count":7,"href":"https:\/\/www.airtradecentre.com\/tr\/wp-json\/wp\/v2\/posts\/7382\/revisions"}],"predecessor-version":[{"id":7385,"href":"https:\/\/www.airtradecentre.com\/tr\/wp-json\/wp\/v2\/posts\/7382\/revisions\/7385"}],"wp:featuredmedia":[{"embeddable":true,"href":"https:\/\/www.airtradecentre.com\/tr\/wp-json\/wp\/v2\/media\/7386"}],"wp:attachment":[{"href":"https:\/\/www.airtradecentre.com\/tr\/wp-json\/wp\/v2\/media?parent=7382"}],"wp:term":[{"taxonomy":"category","embeddable":true,"href":"https:\/\/www.airtradecentre.com\/tr\/wp-json\/wp\/v2\/categories?post=7382"},{"taxonomy":"post_tag","embeddable":true,"href":"https:\/\/www.airtradecentre.com\/tr\/wp-json\/wp\/v2\/tags?post=7382"}],"curies":[{"name":"wp","href":"https:\/\/api.w.org\/{rel}","templated":true}]}}